{"id":239,"date":"2019-06-04T10:40:02","date_gmt":"2019-06-04T06:10:02","guid":{"rendered":"http:\/\/batteriamercato.com\/blog\/?p=239"},"modified":"2019-06-04T10:40:42","modified_gmt":"2019-06-04T06:10:42","slug":"xiaomi-mi-9t-pro-sara-il-nome-del-nuovo-uragano-che-si-abbattera-sulla-fascia-alta-del-mercato","status":"publish","type":"post","link":"https:\/\/www.batteriamercato.com\/blog\/index.php\/2019\/06\/04\/xiaomi-mi-9t-pro-sara-il-nome-del-nuovo-uragano-che-si-abbattera-sulla-fascia-alta-del-mercato\/","title":{"rendered":"Xiaomi Mi 9T Pro sar\u00e0 il nome del nuovo uragano che si abbatter\u00e0 sulla fascia alta del mercato"},"content":{"rendered":"\n<p>L&#8217;alter ego di Redmi K20 Pro punta ad essere il nuovo paradigma del concetto di flagship killer. Arriver\u00e0 prestissimo in Europa, ma il prezzo \u00e8 ancora ignoto \u2013 e far\u00e0 tutta la differenza del mondo.<\/p>\n\n\n\n<p>\u00c8 ormai confermato ufficialmente da Xiaomi che la nuova famiglia di smartphone Redmi K20 non arriver\u00e0 alle nostre latitudini sotto questo brand, bens\u00ec rimarchiata in Xiaomi Mi 9T, nome che strizza l\u2019occhio alla dinastia di flagship killer di OnePlus, tanto quanto la lettera K del nome con cui sbarcher\u00e0 in Cina. In particolare, \u00e8 gi\u00e0 noto che la controparte di Redmi K20 si chiamer\u00e0 Mi 9T, mentre alcuni dubbi sulle sorti di Redmi K20 Pro \u2013 ovvero la pi\u00f9 interessante variante top di gamma \u2013 erano circolati. Ma con ogni probabilit\u00e0, del tutto infondati.<\/p>\n\n\n\n<p>Il noto leakster Roland Quandt ha infatti svelato che anche Redmi K20 Pro avr\u00e0 il suo alter ego occidentale, che dovrebbe chiamarsi proprio Xiaomi Mi 9T Pro. Il nuovo smartphone vanter\u00e0 lo stesso design e le stesse specifiche tecniche di K20 Pro, ad eccezione del logo Redmi sostituito dall\u2019iconico logo Xiaomi. E arriver\u00e0 presto sul mercato europeo, anzi prestissimo.<\/p>\n\n\n\n<p>La disponibilit\u00e0 dovrebbe essere inaugurata dall\u2019Austria, che inizier\u00e0 a distribuirlo a partire dal 10 giugno. Non ci sono ancora dettagli per il mercato italiano, ma non \u00e8 detto che la data non possa coincidere. Anche sul prezzo, per il momento, non sono circolate informazioni: si tratter\u00e0 di un aspetto cruciale, che determiner\u00e0 le fortune o il fallimento di uno smartphone a dir poco interessante.<\/p>\n\n\n\n<p>Oltre infatti ad una piattaforma hardware da vero top di gamma, grazie allo Snapdragon 855, Xiaomi Mi 9T Pro avr\u00e0 dalla sua un display da 6,39\u2033 in tecnologia AMOLED, totalmente privo di notch o fori grazie alla fotocamera anteriore pop-up da 20 megapixel, che completa un comparto fotografico che vanter\u00e0 anche 3 sensori posteriori. Vi \u00e8 gi\u00e0 venuta l\u2019acquolina in bocca?<\/p>\n\n\n\n<p>&gt;&gt;&gt;&gt;&gt;&gt;&gt;&gt;&gt;<a href=\"http:\/\/www.batteriamercato.com\/xiaomi-batteria-BM45-p179594.htm\">XiaoMI RedMI HongMI Note 2 Batteria per BM45<\/a><br>&gt;&gt;&gt;&gt;&gt;&gt;&gt;&gt;&gt;<a href=\"http:\/\/www.batteriamercato.com\/xiaomi-batteria-BM32-p179512.htm\">Xiaomi MIUI 4 M4 Mi4 Batteria per BM32<\/a><\/p>\n","protected":false},"excerpt":{"rendered":"<div class=\"mh-excerpt\"><p>L&#8217;alter ego di Redmi K20 Pro punta ad essere il nuovo paradigma del concetto di flagship killer. Arriver\u00e0 prestissimo in Europa, ma il prezzo \u00e8 <a class=\"mh-excerpt-more\" href=\"https:\/\/www.batteriamercato.com\/blog\/index.php\/2019\/06\/04\/xiaomi-mi-9t-pro-sara-il-nome-del-nuovo-uragano-che-si-abbattera-sulla-fascia-alta-del-mercato\/\" title=\"Xiaomi Mi 9T Pro sar\u00e0 il nome del nuovo uragano che si abbatter\u00e0 sulla fascia alta del mercato\">[&#8230;]<\/a><\/p>\n<\/div>","protected":false},"author":1,"featured_media":0,"comment_status":"open","ping_status":"open","sticky":false,"template":"","format":"standard","meta":[],"categories":[7],"tags":[57],"_links":{"self":[{"href":"https:\/\/www.batteriamercato.com\/blog\/index.php\/wp-json\/wp\/v2\/posts\/239"}],"collection":[{"href":"https:\/\/www.batteriamercato.com\/blog\/index.php\/wp-json\/wp\/v2\/posts"}],"about":[{"href":"https:\/\/www.batteriamercato.com\/blog\/index.php\/wp-json\/wp\/v2\/types\/post"}],"author":[{"embeddable":true,"href":"https:\/\/www.batteriamercato.com\/blog\/index.php\/wp-json\/wp\/v2\/users\/1"}],"replies":[{"embeddable":true,"href":"https:\/\/www.batteriamercato.com\/blog\/index.php\/wp-json\/wp\/v2\/comments?post=239"}],"version-history":[{"count":1,"href":"https:\/\/www.batteriamercato.com\/blog\/index.php\/wp-json\/wp\/v2\/posts\/239\/revisions"}],"predecessor-version":[{"id":240,"href":"https:\/\/www.batteriamercato.com\/blog\/index.php\/wp-json\/wp\/v2\/posts\/239\/revisions\/240"}],"wp:attachment":[{"href":"https:\/\/www.batteriamercato.com\/blog\/index.php\/wp-json\/wp\/v2\/media?parent=239"}],"wp:term":[{"taxonomy":"category","embeddable":true,"href":"https:\/\/www.batteriamercato.com\/blog\/index.php\/wp-json\/wp\/v2\/categories?post=239"},{"taxonomy":"post_tag","embeddable":true,"href":"https:\/\/www.batteriamercato.com\/blog\/index.php\/wp-json\/wp\/v2\/tags?post=239"}],"curies":[{"name":"wp","href":"https:\/\/api.w.org\/{rel}","templated":true}]}}